{"id":8103,"date":"2019-12-10T14:49:38","date_gmt":"2019-12-10T14:49:38","guid":{"rendered":"http:\/\/creativebox.pt\/storytelling\/?p=8103"},"modified":"2020-11-23T12:27:11","modified_gmt":"2020-11-23T12:27:11","slug":"susana-hugo","status":"publish","type":"post","link":"https:\/\/creativebox.pt\/storytelling\/susana-hugo\/","title":{"rendered":"Susana &#038; Hugo"},"content":{"rendered":"<div id=\"themify_builder_content-8103\" data-postid=\"8103\" class=\"themify_builder_content themify_builder_content-8103 themify_builder\">\n    \t<!-- module_row -->\n\t<div   class=\"themify_builder_row module_row clearfix module_row_0 themify_builder_8103_row module_row_8103-0 tb_u7e8070\">\n\t    \t    <div class=\"row_inner col_align_top\" >\n\t\t\t<div  class=\"module_column tb-column col3-1  first tb_8103_column module_column_0 module_column_8103-0-0 tb_xv2w008\" style=\"width: 18.688%\">\n\t    \t    \t<\/div>\n\t\t<div  class=\"module_column tb-column col3-1 middle tb_8103_column module_column_1 module_column_8103-0-1 tb_dg57860\" style=\"width: 61.1207%\">\n\t    \t    \t        <div class=\"tb-column-inner\">\n\t\t    \n    <!-- module video -->\n    <div  class=\"module module-video tb_fan7518 video-top   \">\n\t                <div class=\"video-wrap\">\n\t    <a href=\"https:\/\/vimeo.com\/267628958\">https:\/\/vimeo.com\/267628958<\/a>        <\/div>\n        <!-- \/video-wrap -->\n\n            <\/div>\n    <!-- \/module video -->\n    <!-- module text -->\n<div  class=\"module module-text tb_kvhc602    \">\n            <div  class=\"tb_text_wrap\">\n    <p style=\"text-align: justify;\">Est\u00e1vamos a caminho da Ericeira quando de repente cai uma tempestade enorme. O telefone toca, era a Susana a avisar a mudan\u00e7a de planos. Ia vestir-se na Quinta do Roseiral. Rumamos at\u00e9 l\u00e1 onde nos esperava um casamento \u00e9pico!<\/p><p style=\"text-align: justify;\"><em>We were on our way to Ericeira when a huge storm suddenly appear. The phone rings, Susana tell us of the change of plans. She was going to get dressed at Quinta do Roseiral. We headed there where an epic wedding awaited us!<\/em><\/p><p>Photo:\u00a0<a href=\"https:\/\/www.instagram.com\/nunopereira.fotografia\/\">Nuno Pereira<\/a><br \/>Venue:\u00a0<a href=\"https:\/\/www.instagram.com\/quintadoroseiral.ericeira\/\">Quinta do Roseiral<\/a>, Azeit\u00e3o, Portugal<\/p>    <\/div>\n<\/div>\n<!-- \/module text -->\n<!-- module text -->\n<div  class=\"module module-text tb_8t6w288    \">\n            <div  class=\"tb_text_wrap\">\n    <p><strong>\n<!-- Facebook Like Button Vivacity Infotech BEGIN -->\n<iframe src=\"http:\/\/www.facebook.com\/plugins\/like.php?href=https%3A%2F%2Fcreativebox.pt%2Fstorytelling%2Fsusana-hugo%2F&amp;width=450&amp;layout=button&amp;action=like&amp;size=small&amp;show_faces=false&amp;share=true&amp;height=30&amp;appId=\" scrolling=\"no\" frameborder=\"0\" allowTransparency=\"true\" style=\"border:none; overflow:hidden; width:450px; height: 30px; align: left;\"><\/iframe>\n<!-- Facebook Like Button Vivacity Infotech END -->\n<\/strong><\/p>    <\/div>\n<\/div>\n<!-- \/module text -->\n<!-- module text -->\n<div  class=\"module module-text tb_1lij815    \">\n            <div  class=\"tb_text_wrap\">\n    <p>TAGS:\u00a0<em>filme de casamento. v\u00eddeo de casamento,\u00a0weddind film, wedding videoghrapher, destination wedding, Portugal destination wedding, wedding video, drone wedding video<\/em><\/p>    <\/div>\n<\/div>\n<!-- \/module text -->\n\t        <\/div>\n\t    \t<\/div>\n\t\t<div  class=\"module_column tb-column col3-1  last tb_8103_column module_column_2 module_column_8103-0-2 tb_ivia665\" style=\"width: 13.7931%\">\n\t    \t    \t<\/div>\n\t\t    <\/div>\n\t    <!-- \/row_inner -->\n\t<\/div>\n\t<!-- \/module_row -->\n\t<\/div>\n\n\n\n<!-- Facebook Like Button Vivacity Infotech BEGIN -->\n<div class=\"fb-like\" data-href=\"https:\/\/creativebox.pt\/storytelling\/susana-hugo\/\" data-layout=\"button\" data-action=\"like\" data-show-faces=\"false\" data-size=\"small\" data-width=\"450\" data-share=\"1\" ><\/div>\n<!-- Facebook Like Button Vivacity Infotech END -->\n","protected":false},"excerpt":{"rendered":"<p>Est\u00e1vamos a caminho da Ericeira quando de repente cai uma tempestade enorme. O telefone toca, era a Susana a avisar a mudan\u00e7a de planos. Ia vestir-se na Quinta do Roseiral. Rumamos at\u00e9 l\u00e1 onde nos esperava um casamento \u00e9pico! We were on our way to Ericeira when a huge storm suddenly appear. The phone rings, [&hellip;]<\/p>\n","protected":false},"author":1,"featured_media":8101,"comment_status":"open","ping_status":"open","sticky":false,"template":"","format":"standard","meta":{"footnotes":""},"categories":[20],"tags":[],"class_list":["post-8103","post","type-post","status-publish","format-standard","has-post-thumbnail","hentry","category-highlights","has-post-title","has-post-date","has-post-category","has-post-tag","has-post-comment","has-post-author",""," cat-20"],"yoast_head":"<!-- This site is optimized with the Yoast SEO plugin v24.0 - https:\/\/yoast.com\/wordpress\/plugins\/seo\/ -->\n<title>Susana &amp; Hugo - Storytelling Films - Wedding in Quinta do Roseiral<\/title>\n<meta name=\"description\" content=\"Um casamento \u00e9pico na Quinta do Roseiral. An epic wedding in Quinta do Roseira.\" \/>\n<meta name=\"robots\" content=\"index, follow, max-snippet:-1, max-image-preview:large, max-video-preview:-1\" \/>\n<link rel=\"canonical\" href=\"https:\/\/creativebox.pt\/storytelling\/susana-hugo\/\" \/>\n<meta property=\"og:locale\" content=\"pt_PT\" \/>\n<meta property=\"og:type\" content=\"article\" \/>\n<meta property=\"og:title\" content=\"Susana &amp; Hugo\" \/>\n<meta property=\"og:description\" content=\"Um casamento \u00e9pico na Quinta do Roseiral. An epic wedding in Quinta do Roseira.\" \/>\n<meta property=\"og:url\" content=\"https:\/\/creativebox.pt\/storytelling\/susana-hugo\/\" \/>\n<meta property=\"og:site_name\" content=\"Storytelling Films\" \/>\n<meta property=\"article:publisher\" content=\"https:\/\/www.facebook.com\/creativeboxstorytelling\" \/>\n<meta property=\"article:published_time\" content=\"2019-12-10T14:49:38+00:00\" \/>\n<meta property=\"article:modified_time\" content=\"2020-11-23T12:27:11+00:00\" \/>\n<meta property=\"og:image\" content=\"https:\/\/creativebox.pt\/storytelling\/wp-content\/uploads\/sites\/4\/2019\/12\/Thumb.jpg\" \/>\n\t<meta property=\"og:image:width\" content=\"1920\" \/>\n\t<meta property=\"og:image:height\" content=\"1080\" \/>\n\t<meta property=\"og:image:type\" content=\"image\/jpeg\" \/>\n<meta name=\"author\" content=\"adcreative\" \/>\n<meta name=\"twitter:card\" content=\"summary_large_image\" \/>\n<meta name=\"twitter:label1\" content=\"Escrito por\" \/>\n\t<meta name=\"twitter:data1\" content=\"adcreative\" \/>\n\t<meta name=\"twitter:label2\" content=\"Tempo estimado de leitura\" \/>\n\t<meta name=\"twitter:data2\" content=\"1 minuto\" \/>\n<script type=\"application\/ld+json\" class=\"yoast-schema-graph\">{\"@context\":\"https:\/\/schema.org\",\"@graph\":[{\"@type\":\"Article\",\"@id\":\"https:\/\/creativebox.pt\/storytelling\/susana-hugo\/#article\",\"isPartOf\":{\"@id\":\"https:\/\/creativebox.pt\/storytelling\/susana-hugo\/\"},\"author\":{\"name\":\"adcreative\",\"@id\":\"https:\/\/creativebox.pt\/storytelling\/#\/schema\/person\/cd05d0d075891c753cbafe9087f5614d\"},\"headline\":\"Susana &#038; Hugo\",\"datePublished\":\"2019-12-10T14:49:38+00:00\",\"dateModified\":\"2020-11-23T12:27:11+00:00\",\"mainEntityOfPage\":{\"@id\":\"https:\/\/creativebox.pt\/storytelling\/susana-hugo\/\"},\"wordCount\":119,\"commentCount\":0,\"publisher\":{\"@id\":\"https:\/\/creativebox.pt\/storytelling\/#organization\"},\"image\":{\"@id\":\"https:\/\/creativebox.pt\/storytelling\/susana-hugo\/#primaryimage\"},\"thumbnailUrl\":\"https:\/\/creativebox.pt\/storytelling\/wp-content\/uploads\/sites\/4\/2019\/12\/Thumb.jpg\",\"articleSection\":[\"Films\"],\"inLanguage\":\"pt-PT\",\"potentialAction\":[{\"@type\":\"CommentAction\",\"name\":\"Comment\",\"target\":[\"https:\/\/creativebox.pt\/storytelling\/susana-hugo\/#respond\"]}]},{\"@type\":\"WebPage\",\"@id\":\"https:\/\/creativebox.pt\/storytelling\/susana-hugo\/\",\"url\":\"https:\/\/creativebox.pt\/storytelling\/susana-hugo\/\",\"name\":\"Susana & Hugo - Storytelling Films - Wedding in Quinta do Roseiral\",\"isPartOf\":{\"@id\":\"https:\/\/creativebox.pt\/storytelling\/#website\"},\"primaryImageOfPage\":{\"@id\":\"https:\/\/creativebox.pt\/storytelling\/susana-hugo\/#primaryimage\"},\"image\":{\"@id\":\"https:\/\/creativebox.pt\/storytelling\/susana-hugo\/#primaryimage\"},\"thumbnailUrl\":\"https:\/\/creativebox.pt\/storytelling\/wp-content\/uploads\/sites\/4\/2019\/12\/Thumb.jpg\",\"datePublished\":\"2019-12-10T14:49:38+00:00\",\"dateModified\":\"2020-11-23T12:27:11+00:00\",\"description\":\"Um casamento \u00e9pico na Quinta do Roseiral. An epic wedding in Quinta do Roseira.\",\"breadcrumb\":{\"@id\":\"https:\/\/creativebox.pt\/storytelling\/susana-hugo\/#breadcrumb\"},\"inLanguage\":\"pt-PT\",\"potentialAction\":[{\"@type\":\"ReadAction\",\"target\":[\"https:\/\/creativebox.pt\/storytelling\/susana-hugo\/\"]}]},{\"@type\":\"ImageObject\",\"inLanguage\":\"pt-PT\",\"@id\":\"https:\/\/creativebox.pt\/storytelling\/susana-hugo\/#primaryimage\",\"url\":\"https:\/\/creativebox.pt\/storytelling\/wp-content\/uploads\/sites\/4\/2019\/12\/Thumb.jpg\",\"contentUrl\":\"https:\/\/creativebox.pt\/storytelling\/wp-content\/uploads\/sites\/4\/2019\/12\/Thumb.jpg\",\"width\":1920,\"height\":1080},{\"@type\":\"BreadcrumbList\",\"@id\":\"https:\/\/creativebox.pt\/storytelling\/susana-hugo\/#breadcrumb\",\"itemListElement\":[{\"@type\":\"ListItem\",\"position\":1,\"name\":\"In\u00edcio\",\"item\":\"https:\/\/creativebox.pt\/storytelling\/\"},{\"@type\":\"ListItem\",\"position\":2,\"name\":\"Susana &#038; Hugo\"}]},{\"@type\":\"WebSite\",\"@id\":\"https:\/\/creativebox.pt\/storytelling\/#website\",\"url\":\"https:\/\/creativebox.pt\/storytelling\/\",\"name\":\"Storytelling Films\",\"description\":\"Wedding Filmmakers\",\"publisher\":{\"@id\":\"https:\/\/creativebox.pt\/storytelling\/#organization\"},\"potentialAction\":[{\"@type\":\"SearchAction\",\"target\":{\"@type\":\"EntryPoint\",\"urlTemplate\":\"https:\/\/creativebox.pt\/storytelling\/?s={search_term_string}\"},\"query-input\":{\"@type\":\"PropertyValueSpecification\",\"valueRequired\":true,\"valueName\":\"search_term_string\"}}],\"inLanguage\":\"pt-PT\"},{\"@type\":\"Organization\",\"@id\":\"https:\/\/creativebox.pt\/storytelling\/#organization\",\"name\":\"Storytelling - Wedding Video\",\"url\":\"https:\/\/creativebox.pt\/storytelling\/\",\"logo\":{\"@type\":\"ImageObject\",\"inLanguage\":\"pt-PT\",\"@id\":\"https:\/\/creativebox.pt\/storytelling\/#\/schema\/logo\/image\/\",\"url\":\"https:\/\/creativebox.pt\/storytelling\/wp-content\/uploads\/sites\/4\/2018\/04\/novo_logo_cinza-05.png\",\"contentUrl\":\"https:\/\/creativebox.pt\/storytelling\/wp-content\/uploads\/sites\/4\/2018\/04\/novo_logo_cinza-05.png\",\"width\":1889,\"height\":869,\"caption\":\"Storytelling - Wedding Video\"},\"image\":{\"@id\":\"https:\/\/creativebox.pt\/storytelling\/#\/schema\/logo\/image\/\"},\"sameAs\":[\"https:\/\/www.facebook.com\/creativeboxstorytelling\",\"https:\/\/www.instagram.com\/storytelling_weddingfilms\",\"https:\/\/www.youtube.com\/channel\/UC3EtYZ_a0X-f5G-k80v37Cw\"]},{\"@type\":\"Person\",\"@id\":\"https:\/\/creativebox.pt\/storytelling\/#\/schema\/person\/cd05d0d075891c753cbafe9087f5614d\",\"name\":\"adcreative\",\"image\":{\"@type\":\"ImageObject\",\"inLanguage\":\"pt-PT\",\"@id\":\"https:\/\/creativebox.pt\/storytelling\/#\/schema\/person\/image\/\",\"url\":\"https:\/\/secure.gravatar.com\/avatar\/2383d4cc6399aa21383f033e1e1a50e3756109416625bcca8413877af3895b2c?s=96&d=mm&r=g\",\"contentUrl\":\"https:\/\/secure.gravatar.com\/avatar\/2383d4cc6399aa21383f033e1e1a50e3756109416625bcca8413877af3895b2c?s=96&d=mm&r=g\",\"caption\":\"adcreative\"}}]}<\/script>\n<!-- \/ Yoast SEO plugin. -->","yoast_head_json":{"title":"Susana & Hugo - Storytelling Films - Wedding in Quinta do Roseiral","description":"Um casamento \u00e9pico na Quinta do Roseiral. An epic wedding in Quinta do Roseira.","robots":{"index":"index","follow":"follow","max-snippet":"max-snippet:-1","max-image-preview":"max-image-preview:large","max-video-preview":"max-video-preview:-1"},"canonical":"https:\/\/creativebox.pt\/storytelling\/susana-hugo\/","og_locale":"pt_PT","og_type":"article","og_title":"Susana & Hugo","og_description":"Um casamento \u00e9pico na Quinta do Roseiral. An epic wedding in Quinta do Roseira.","og_url":"https:\/\/creativebox.pt\/storytelling\/susana-hugo\/","og_site_name":"Storytelling Films","article_publisher":"https:\/\/www.facebook.com\/creativeboxstorytelling","article_published_time":"2019-12-10T14:49:38+00:00","article_modified_time":"2020-11-23T12:27:11+00:00","og_image":[{"width":1920,"height":1080,"url":"https:\/\/creativebox.pt\/storytelling\/wp-content\/uploads\/sites\/4\/2019\/12\/Thumb.jpg","type":"image\/jpeg"}],"author":"adcreative","twitter_card":"summary_large_image","twitter_misc":{"Escrito por":"adcreative","Tempo estimado de leitura":"1 minuto"},"schema":{"@context":"https:\/\/schema.org","@graph":[{"@type":"Article","@id":"https:\/\/creativebox.pt\/storytelling\/susana-hugo\/#article","isPartOf":{"@id":"https:\/\/creativebox.pt\/storytelling\/susana-hugo\/"},"author":{"name":"adcreative","@id":"https:\/\/creativebox.pt\/storytelling\/#\/schema\/person\/cd05d0d075891c753cbafe9087f5614d"},"headline":"Susana &#038; Hugo","datePublished":"2019-12-10T14:49:38+00:00","dateModified":"2020-11-23T12:27:11+00:00","mainEntityOfPage":{"@id":"https:\/\/creativebox.pt\/storytelling\/susana-hugo\/"},"wordCount":119,"commentCount":0,"publisher":{"@id":"https:\/\/creativebox.pt\/storytelling\/#organization"},"image":{"@id":"https:\/\/creativebox.pt\/storytelling\/susana-hugo\/#primaryimage"},"thumbnailUrl":"https:\/\/creativebox.pt\/storytelling\/wp-content\/uploads\/sites\/4\/2019\/12\/Thumb.jpg","articleSection":["Films"],"inLanguage":"pt-PT","potentialAction":[{"@type":"CommentAction","name":"Comment","target":["https:\/\/creativebox.pt\/storytelling\/susana-hugo\/#respond"]}]},{"@type":"WebPage","@id":"https:\/\/creativebox.pt\/storytelling\/susana-hugo\/","url":"https:\/\/creativebox.pt\/storytelling\/susana-hugo\/","name":"Susana & Hugo - Storytelling Films - Wedding in Quinta do Roseiral","isPartOf":{"@id":"https:\/\/creativebox.pt\/storytelling\/#website"},"primaryImageOfPage":{"@id":"https:\/\/creativebox.pt\/storytelling\/susana-hugo\/#primaryimage"},"image":{"@id":"https:\/\/creativebox.pt\/storytelling\/susana-hugo\/#primaryimage"},"thumbnailUrl":"https:\/\/creativebox.pt\/storytelling\/wp-content\/uploads\/sites\/4\/2019\/12\/Thumb.jpg","datePublished":"2019-12-10T14:49:38+00:00","dateModified":"2020-11-23T12:27:11+00:00","description":"Um casamento \u00e9pico na Quinta do Roseiral. An epic wedding in Quinta do Roseira.","breadcrumb":{"@id":"https:\/\/creativebox.pt\/storytelling\/susana-hugo\/#breadcrumb"},"inLanguage":"pt-PT","potentialAction":[{"@type":"ReadAction","target":["https:\/\/creativebox.pt\/storytelling\/susana-hugo\/"]}]},{"@type":"ImageObject","inLanguage":"pt-PT","@id":"https:\/\/creativebox.pt\/storytelling\/susana-hugo\/#primaryimage","url":"https:\/\/creativebox.pt\/storytelling\/wp-content\/uploads\/sites\/4\/2019\/12\/Thumb.jpg","contentUrl":"https:\/\/creativebox.pt\/storytelling\/wp-content\/uploads\/sites\/4\/2019\/12\/Thumb.jpg","width":1920,"height":1080},{"@type":"BreadcrumbList","@id":"https:\/\/creativebox.pt\/storytelling\/susana-hugo\/#breadcrumb","itemListElement":[{"@type":"ListItem","position":1,"name":"In\u00edcio","item":"https:\/\/creativebox.pt\/storytelling\/"},{"@type":"ListItem","position":2,"name":"Susana &#038; Hugo"}]},{"@type":"WebSite","@id":"https:\/\/creativebox.pt\/storytelling\/#website","url":"https:\/\/creativebox.pt\/storytelling\/","name":"Storytelling Films","description":"Wedding Filmmakers","publisher":{"@id":"https:\/\/creativebox.pt\/storytelling\/#organization"},"potentialAction":[{"@type":"SearchAction","target":{"@type":"EntryPoint","urlTemplate":"https:\/\/creativebox.pt\/storytelling\/?s={search_term_string}"},"query-input":{"@type":"PropertyValueSpecification","valueRequired":true,"valueName":"search_term_string"}}],"inLanguage":"pt-PT"},{"@type":"Organization","@id":"https:\/\/creativebox.pt\/storytelling\/#organization","name":"Storytelling - Wedding Video","url":"https:\/\/creativebox.pt\/storytelling\/","logo":{"@type":"ImageObject","inLanguage":"pt-PT","@id":"https:\/\/creativebox.pt\/storytelling\/#\/schema\/logo\/image\/","url":"https:\/\/creativebox.pt\/storytelling\/wp-content\/uploads\/sites\/4\/2018\/04\/novo_logo_cinza-05.png","contentUrl":"https:\/\/creativebox.pt\/storytelling\/wp-content\/uploads\/sites\/4\/2018\/04\/novo_logo_cinza-05.png","width":1889,"height":869,"caption":"Storytelling - Wedding Video"},"image":{"@id":"https:\/\/creativebox.pt\/storytelling\/#\/schema\/logo\/image\/"},"sameAs":["https:\/\/www.facebook.com\/creativeboxstorytelling","https:\/\/www.instagram.com\/storytelling_weddingfilms","https:\/\/www.youtube.com\/channel\/UC3EtYZ_a0X-f5G-k80v37Cw"]},{"@type":"Person","@id":"https:\/\/creativebox.pt\/storytelling\/#\/schema\/person\/cd05d0d075891c753cbafe9087f5614d","name":"adcreative","image":{"@type":"ImageObject","inLanguage":"pt-PT","@id":"https:\/\/creativebox.pt\/storytelling\/#\/schema\/person\/image\/","url":"https:\/\/secure.gravatar.com\/avatar\/2383d4cc6399aa21383f033e1e1a50e3756109416625bcca8413877af3895b2c?s=96&d=mm&r=g","contentUrl":"https:\/\/secure.gravatar.com\/avatar\/2383d4cc6399aa21383f033e1e1a50e3756109416625bcca8413877af3895b2c?s=96&d=mm&r=g","caption":"adcreative"}}]}},"builder_content":"<a href=\"https:\/\/vimeo.com\/267628958\">https:\/\/vimeo.com\/267628958<\/a>\n<p style=\"text-align: justify;\">Est\u00e1vamos a caminho da Ericeira quando de repente cai uma tempestade enorme. O telefone toca, era a Susana a avisar a mudan\u00e7a de planos. Ia vestir-se na Quinta do Roseiral. Rumamos at\u00e9 l\u00e1 onde nos esperava um casamento \u00e9pico!<\/p><p style=\"text-align: justify;\"><em>We were on our way to Ericeira when a huge storm suddenly appear. The phone rings, Susana tell us of the change of plans. She was going to get dressed at Quinta do Roseiral. We headed there where an epic wedding awaited us!<\/em><\/p><p>Photo:\u00a0<a href=\"https:\/\/www.instagram.com\/nunopereira.fotografia\/\">Nuno Pereira<\/a><br \/>Venue:\u00a0<a href=\"https:\/\/www.instagram.com\/quintadoroseiral.ericeira\/\">Quinta do Roseiral<\/a>, Azeit\u00e3o, Portugal<\/p>\n<p><strong>[vifblike]<\/strong><\/p>\n<p>TAGS:\u00a0<em>filme de casamento. v\u00eddeo de casamento,\u00a0weddind film, wedding videoghrapher, destination wedding, Portugal destination wedding, wedding video, drone wedding video<\/em><\/p>","_links":{"self":[{"href":"https:\/\/creativebox.pt\/storytelling\/wp-json\/wp\/v2\/posts\/8103","targetHints":{"allow":["GET"]}}],"collection":[{"href":"https:\/\/creativebox.pt\/storytelling\/wp-json\/wp\/v2\/posts"}],"about":[{"href":"https:\/\/creativebox.pt\/storytelling\/wp-json\/wp\/v2\/types\/post"}],"author":[{"embeddable":true,"href":"https:\/\/creativebox.pt\/storytelling\/wp-json\/wp\/v2\/users\/1"}],"replies":[{"embeddable":true,"href":"https:\/\/creativebox.pt\/storytelling\/wp-json\/wp\/v2\/comments?post=8103"}],"version-history":[{"count":11,"href":"https:\/\/creativebox.pt\/storytelling\/wp-json\/wp\/v2\/posts\/8103\/revisions"}],"predecessor-version":[{"id":8115,"href":"https:\/\/creativebox.pt\/storytelling\/wp-json\/wp\/v2\/posts\/8103\/revisions\/8115"}],"wp:featuredmedia":[{"embeddable":true,"href":"https:\/\/creativebox.pt\/storytelling\/wp-json\/wp\/v2\/media\/8101"}],"wp:attachment":[{"href":"https:\/\/creativebox.pt\/storytelling\/wp-json\/wp\/v2\/media?parent=8103"}],"wp:term":[{"taxonomy":"category","embeddable":true,"href":"https:\/\/creativebox.pt\/storytelling\/wp-json\/wp\/v2\/categories?post=8103"},{"taxonomy":"post_tag","embeddable":true,"href":"https:\/\/creativebox.pt\/storytelling\/wp-json\/wp\/v2\/tags?post=8103"}],"curies":[{"name":"wp","href":"https:\/\/api.w.org\/{rel}","templated":true}]}}