{"id":8034,"date":"2019-11-14T19:07:42","date_gmt":"2019-11-14T19:07:42","guid":{"rendered":"http:\/\/creativebox.pt\/storytelling\/?p=8034"},"modified":"2020-11-24T08:22:36","modified_gmt":"2020-11-24T08:22:36","slug":"claudia-diogo","status":"publish","type":"post","link":"https:\/\/creativebox.pt\/storytelling\/claudia-diogo\/","title":{"rendered":"Cl\u00e1udia &#038; Diogo"},"content":{"rendered":"<div id=\"themify_builder_content-8034\" data-postid=\"8034\" class=\"themify_builder_content themify_builder_content-8034 themify_builder\">\n    \t<!-- module_row -->\n\t<div   class=\"themify_builder_row module_row clearfix module_row_0 themify_builder_8034_row module_row_8034-0 tb_9dfj070\">\n\t    \t    <div class=\"row_inner col_align_top\" >\n\t\t\t<div  class=\"module_column tb-column col3-1  first tb_8034_column module_column_0 module_column_8034-0-0 tb_yoz4573\" style=\"width: 18.688%\">\n\t    \t    \t<\/div>\n\t\t<div  class=\"module_column tb-column col3-1 middle tb_8034_column module_column_1 module_column_8034-0-1 tb_1706410\" style=\"width: 61.1207%\">\n\t    \t    \t        <div class=\"tb-column-inner\">\n\t\t    \n    <!-- module video -->\n    <div  class=\"module module-video tb_uzar908 video-top   \">\n\t                <div class=\"video-wrap\">\n\t    <a href=\"https:\/\/vimeo.com\/280574027\">https:\/\/vimeo.com\/280574027<\/a>        <\/div>\n        <!-- \/video-wrap -->\n\n            <\/div>\n    <!-- \/module video -->\n    <!-- module text -->\n<div  class=\"module module-text tb_3gu8898    \">\n            <div  class=\"tb_text_wrap\">\n    <p style=\"text-align: justify;\">Sabe t\u00e3o bem partilhar estes dias com os nossos noivos. A Cl\u00e1udia e o Diogo casaram na Quinta de S\u00e3o Gon\u00e7alo em Alenquer. Ela esteve sempre animada, ele mais emotivo. Um amor que veio desde os tempos da faculdade.<\/p>\n<p style=\"text-align: justify;\"><em>It feels so good to share these days with our newlyweds. Claudia and Diogo married at Quinta de S\u00e3o Gon\u00e7alo in Alenquer. She was always excited, while he where more emotional. A love that came from college days.<\/em><\/p>\n<p style=\"text-align: justify;\">Photo:\u00a0<a href=\"https:\/\/www.instagram.com\/anamestre.photographia\/\">Ana Mestre Photography<\/a><br \/>\nVenue:\u00a0<a href=\"https:\/\/www.instagram.com\/quinta_sao_goncalo\/\">Quinta de S\u00e3o Gon\u00e7alo<\/a>, Alenquer, Portugal<\/p>\n    <\/div>\n<\/div>\n<!-- \/module text -->\n<!-- module text -->\n<div  class=\"module module-text tb_ye1z909    \">\n            <div  class=\"tb_text_wrap\">\n    <p><strong>\n<!-- Facebook Like Button Vivacity Infotech BEGIN -->\n<iframe src=\"http:\/\/www.facebook.com\/plugins\/like.php?href=https%3A%2F%2Fcreativebox.pt%2Fstorytelling%2Fclaudia-diogo%2F&amp;width=450&amp;layout=button&amp;action=like&amp;size=small&amp;show_faces=false&amp;share=true&amp;height=30&amp;appId=\" scrolling=\"no\" frameborder=\"0\" allowTransparency=\"true\" style=\"border:none; overflow:hidden; width:450px; height: 30px; align: left;\"><\/iframe>\n<!-- Facebook Like Button Vivacity Infotech END -->\n<\/strong><\/p>    <\/div>\n<\/div>\n<!-- \/module text -->\n<!-- module text -->\n<div  class=\"module module-text tb_vq8p009    \">\n            <div  class=\"tb_text_wrap\">\n    <p>TAGS:\u00a0<em>filme de casamento. v\u00eddeo de casamento,\u00a0weddind film, wedding videoghrapher, destination wedding, Portugal destination wedding, wedding video, drone wedding video<\/em><\/p>    <\/div>\n<\/div>\n<!-- \/module text -->\n\t        <\/div>\n\t    \t<\/div>\n\t\t<div  class=\"module_column tb-column col3-1  last tb_8034_column module_column_2 module_column_8034-0-2 tb_0ucu230\" style=\"width: 13.7931%\">\n\t    \t    \t<\/div>\n\t\t    <\/div>\n\t    <!-- \/row_inner -->\n\t<\/div>\n\t<!-- \/module_row -->\n\t<\/div>\n\n\n\n<!-- Facebook Like Button Vivacity Infotech BEGIN -->\n<div class=\"fb-like\" data-href=\"https:\/\/creativebox.pt\/storytelling\/claudia-diogo\/\" data-layout=\"button\" data-action=\"like\" data-show-faces=\"false\" data-size=\"small\" data-width=\"450\" data-share=\"1\" ><\/div>\n<!-- Facebook Like Button Vivacity Infotech END -->\n","protected":false},"excerpt":{"rendered":"<p>Sabe t\u00e3o bem partilhar estes dias com os nossos noivos. A Cl\u00e1udia e o Diogo casaram na Quinta de S\u00e3o Gon\u00e7alo em Alenquer. Ela esteve sempre animada, ele mais emotivo. Um amor que veio desde os tempos da faculdade. It feels so good to share these days with our newlyweds. Claudia and Diogo married at [&hellip;]<\/p>\n","protected":false},"author":1,"featured_media":8059,"comment_status":"open","ping_status":"open","sticky":false,"template":"","format":"standard","meta":{"footnotes":""},"categories":[20],"tags":[],"class_list":["post-8034","post","type-post","status-publish","format-standard","has-post-thumbnail","hentry","category-highlights","has-post-title","has-post-date","has-post-category","has-post-tag","has-post-comment","has-post-author",""," cat-20"],"yoast_head":"<!-- This site is optimized with the Yoast SEO plugin v24.0 - https:\/\/yoast.com\/wordpress\/plugins\/seo\/ -->\n<title>Cl\u00e1udia &amp; Diogo - Storytelling Films - Wedding in Quinta de S\u00e3o Gon\u00e7alo<\/title>\n<meta name=\"description\" content=\"A Cl\u00e1udia e o Diogo casaram na Quinta de S\u00e3o Gon\u00e7alo em Alenquer. Claudia and Diogo married at Quinta de S\u00e3o Gon\u00e7alo in Alenquer.\" \/>\n<meta name=\"robots\" content=\"index, follow, max-snippet:-1, max-image-preview:large, max-video-preview:-1\" \/>\n<link rel=\"canonical\" href=\"https:\/\/creativebox.pt\/storytelling\/claudia-diogo\/\" \/>\n<meta property=\"og:locale\" content=\"pt_PT\" \/>\n<meta property=\"og:type\" content=\"article\" \/>\n<meta property=\"og:title\" content=\"Cl\u00e1udia &amp; Diogo\" \/>\n<meta property=\"og:description\" content=\"Sabe t\u00e3o bem partilhar estes dias com os nossos noivos. A Cl\u00e1udia e o Diogo casaram na Quinta de S\u00e3o Gon\u00e7alo em Alenquer. Ela esteve sempre animada, ele mais emotivo. Um amor que veio desde os tempos da faculdade. It feels so good to share these days with our newlyweds. Claudia and Diogo married at Quinta de S\u00e3o Gon\u00e7alo in Alenquer. She was always excited, while he where more emotional. A love that came from college days.\" \/>\n<meta property=\"og:url\" content=\"https:\/\/creativebox.pt\/storytelling\/claudia-diogo\/\" \/>\n<meta property=\"og:site_name\" content=\"Storytelling Films\" \/>\n<meta property=\"article:publisher\" content=\"https:\/\/www.facebook.com\/creativeboxstorytelling\" \/>\n<meta property=\"article:published_time\" content=\"2019-11-14T19:07:42+00:00\" \/>\n<meta property=\"article:modified_time\" content=\"2020-11-24T08:22:36+00:00\" \/>\n<meta property=\"og:image\" content=\"https:\/\/creativebox.pt\/storytelling\/wp-content\/uploads\/sites\/4\/2019\/11\/thumb.jpg\" \/>\n\t<meta property=\"og:image:width\" content=\"1920\" \/>\n\t<meta property=\"og:image:height\" content=\"1080\" \/>\n\t<meta property=\"og:image:type\" content=\"image\/jpeg\" \/>\n<meta name=\"author\" content=\"adcreative\" \/>\n<meta name=\"twitter:card\" content=\"summary_large_image\" \/>\n<meta name=\"twitter:label1\" content=\"Escrito por\" \/>\n\t<meta name=\"twitter:data1\" content=\"adcreative\" \/>\n\t<meta name=\"twitter:label2\" content=\"Tempo estimado de leitura\" \/>\n\t<meta name=\"twitter:data2\" content=\"1 minuto\" \/>\n<script type=\"application\/ld+json\" class=\"yoast-schema-graph\">{\"@context\":\"https:\/\/schema.org\",\"@graph\":[{\"@type\":\"Article\",\"@id\":\"https:\/\/creativebox.pt\/storytelling\/claudia-diogo\/#article\",\"isPartOf\":{\"@id\":\"https:\/\/creativebox.pt\/storytelling\/claudia-diogo\/\"},\"author\":{\"name\":\"adcreative\",\"@id\":\"https:\/\/creativebox.pt\/storytelling\/#\/schema\/person\/cd05d0d075891c753cbafe9087f5614d\"},\"headline\":\"Cl\u00e1udia &#038; Diogo\",\"datePublished\":\"2019-11-14T19:07:42+00:00\",\"dateModified\":\"2020-11-24T08:22:36+00:00\",\"mainEntityOfPage\":{\"@id\":\"https:\/\/creativebox.pt\/storytelling\/claudia-diogo\/\"},\"wordCount\":122,\"commentCount\":0,\"publisher\":{\"@id\":\"https:\/\/creativebox.pt\/storytelling\/#organization\"},\"image\":{\"@id\":\"https:\/\/creativebox.pt\/storytelling\/claudia-diogo\/#primaryimage\"},\"thumbnailUrl\":\"https:\/\/creativebox.pt\/storytelling\/wp-content\/uploads\/sites\/4\/2019\/11\/site.jpg\",\"articleSection\":[\"Films\"],\"inLanguage\":\"pt-PT\",\"potentialAction\":[{\"@type\":\"CommentAction\",\"name\":\"Comment\",\"target\":[\"https:\/\/creativebox.pt\/storytelling\/claudia-diogo\/#respond\"]}]},{\"@type\":\"WebPage\",\"@id\":\"https:\/\/creativebox.pt\/storytelling\/claudia-diogo\/\",\"url\":\"https:\/\/creativebox.pt\/storytelling\/claudia-diogo\/\",\"name\":\"Cl\u00e1udia & Diogo - Storytelling Films - Wedding in Quinta de S\u00e3o Gon\u00e7alo\",\"isPartOf\":{\"@id\":\"https:\/\/creativebox.pt\/storytelling\/#website\"},\"primaryImageOfPage\":{\"@id\":\"https:\/\/creativebox.pt\/storytelling\/claudia-diogo\/#primaryimage\"},\"image\":{\"@id\":\"https:\/\/creativebox.pt\/storytelling\/claudia-diogo\/#primaryimage\"},\"thumbnailUrl\":\"https:\/\/creativebox.pt\/storytelling\/wp-content\/uploads\/sites\/4\/2019\/11\/site.jpg\",\"datePublished\":\"2019-11-14T19:07:42+00:00\",\"dateModified\":\"2020-11-24T08:22:36+00:00\",\"description\":\"A Cl\u00e1udia e o Diogo casaram na Quinta de S\u00e3o Gon\u00e7alo em Alenquer. Claudia and Diogo married at Quinta de S\u00e3o Gon\u00e7alo in Alenquer.\",\"breadcrumb\":{\"@id\":\"https:\/\/creativebox.pt\/storytelling\/claudia-diogo\/#breadcrumb\"},\"inLanguage\":\"pt-PT\",\"potentialAction\":[{\"@type\":\"ReadAction\",\"target\":[\"https:\/\/creativebox.pt\/storytelling\/claudia-diogo\/\"]}]},{\"@type\":\"ImageObject\",\"inLanguage\":\"pt-PT\",\"@id\":\"https:\/\/creativebox.pt\/storytelling\/claudia-diogo\/#primaryimage\",\"url\":\"https:\/\/creativebox.pt\/storytelling\/wp-content\/uploads\/sites\/4\/2019\/11\/site.jpg\",\"contentUrl\":\"https:\/\/creativebox.pt\/storytelling\/wp-content\/uploads\/sites\/4\/2019\/11\/site.jpg\",\"width\":1920,\"height\":1080},{\"@type\":\"BreadcrumbList\",\"@id\":\"https:\/\/creativebox.pt\/storytelling\/claudia-diogo\/#breadcrumb\",\"itemListElement\":[{\"@type\":\"ListItem\",\"position\":1,\"name\":\"In\u00edcio\",\"item\":\"https:\/\/creativebox.pt\/storytelling\/\"},{\"@type\":\"ListItem\",\"position\":2,\"name\":\"Cl\u00e1udia &#038; Diogo\"}]},{\"@type\":\"WebSite\",\"@id\":\"https:\/\/creativebox.pt\/storytelling\/#website\",\"url\":\"https:\/\/creativebox.pt\/storytelling\/\",\"name\":\"Storytelling Films\",\"description\":\"Wedding Filmmakers\",\"publisher\":{\"@id\":\"https:\/\/creativebox.pt\/storytelling\/#organization\"},\"potentialAction\":[{\"@type\":\"SearchAction\",\"target\":{\"@type\":\"EntryPoint\",\"urlTemplate\":\"https:\/\/creativebox.pt\/storytelling\/?s={search_term_string}\"},\"query-input\":{\"@type\":\"PropertyValueSpecification\",\"valueRequired\":true,\"valueName\":\"search_term_string\"}}],\"inLanguage\":\"pt-PT\"},{\"@type\":\"Organization\",\"@id\":\"https:\/\/creativebox.pt\/storytelling\/#organization\",\"name\":\"Storytelling - Wedding Video\",\"url\":\"https:\/\/creativebox.pt\/storytelling\/\",\"logo\":{\"@type\":\"ImageObject\",\"inLanguage\":\"pt-PT\",\"@id\":\"https:\/\/creativebox.pt\/storytelling\/#\/schema\/logo\/image\/\",\"url\":\"https:\/\/creativebox.pt\/storytelling\/wp-content\/uploads\/sites\/4\/2018\/04\/novo_logo_cinza-05.png\",\"contentUrl\":\"https:\/\/creativebox.pt\/storytelling\/wp-content\/uploads\/sites\/4\/2018\/04\/novo_logo_cinza-05.png\",\"width\":1889,\"height\":869,\"caption\":\"Storytelling - Wedding Video\"},\"image\":{\"@id\":\"https:\/\/creativebox.pt\/storytelling\/#\/schema\/logo\/image\/\"},\"sameAs\":[\"https:\/\/www.facebook.com\/creativeboxstorytelling\",\"https:\/\/www.instagram.com\/storytelling_weddingfilms\",\"https:\/\/www.youtube.com\/channel\/UC3EtYZ_a0X-f5G-k80v37Cw\"]},{\"@type\":\"Person\",\"@id\":\"https:\/\/creativebox.pt\/storytelling\/#\/schema\/person\/cd05d0d075891c753cbafe9087f5614d\",\"name\":\"adcreative\",\"image\":{\"@type\":\"ImageObject\",\"inLanguage\":\"pt-PT\",\"@id\":\"https:\/\/creativebox.pt\/storytelling\/#\/schema\/person\/image\/\",\"url\":\"https:\/\/secure.gravatar.com\/avatar\/2383d4cc6399aa21383f033e1e1a50e3756109416625bcca8413877af3895b2c?s=96&d=mm&r=g\",\"contentUrl\":\"https:\/\/secure.gravatar.com\/avatar\/2383d4cc6399aa21383f033e1e1a50e3756109416625bcca8413877af3895b2c?s=96&d=mm&r=g\",\"caption\":\"adcreative\"}}]}<\/script>\n<!-- \/ Yoast SEO plugin. -->","yoast_head_json":{"title":"Cl\u00e1udia & Diogo - Storytelling Films - Wedding in Quinta de S\u00e3o Gon\u00e7alo","description":"A Cl\u00e1udia e o Diogo casaram na Quinta de S\u00e3o Gon\u00e7alo em Alenquer. Claudia and Diogo married at Quinta de S\u00e3o Gon\u00e7alo in Alenquer.","robots":{"index":"index","follow":"follow","max-snippet":"max-snippet:-1","max-image-preview":"max-image-preview:large","max-video-preview":"max-video-preview:-1"},"canonical":"https:\/\/creativebox.pt\/storytelling\/claudia-diogo\/","og_locale":"pt_PT","og_type":"article","og_title":"Cl\u00e1udia & Diogo","og_description":"Sabe t\u00e3o bem partilhar estes dias com os nossos noivos. A Cl\u00e1udia e o Diogo casaram na Quinta de S\u00e3o Gon\u00e7alo em Alenquer. Ela esteve sempre animada, ele mais emotivo. Um amor que veio desde os tempos da faculdade. It feels so good to share these days with our newlyweds. Claudia and Diogo married at Quinta de S\u00e3o Gon\u00e7alo in Alenquer. She was always excited, while he where more emotional. A love that came from college days.","og_url":"https:\/\/creativebox.pt\/storytelling\/claudia-diogo\/","og_site_name":"Storytelling Films","article_publisher":"https:\/\/www.facebook.com\/creativeboxstorytelling","article_published_time":"2019-11-14T19:07:42+00:00","article_modified_time":"2020-11-24T08:22:36+00:00","og_image":[{"width":1920,"height":1080,"url":"https:\/\/creativebox.pt\/storytelling\/wp-content\/uploads\/sites\/4\/2019\/11\/thumb.jpg","type":"image\/jpeg"}],"author":"adcreative","twitter_card":"summary_large_image","twitter_misc":{"Escrito por":"adcreative","Tempo estimado de leitura":"1 minuto"},"schema":{"@context":"https:\/\/schema.org","@graph":[{"@type":"Article","@id":"https:\/\/creativebox.pt\/storytelling\/claudia-diogo\/#article","isPartOf":{"@id":"https:\/\/creativebox.pt\/storytelling\/claudia-diogo\/"},"author":{"name":"adcreative","@id":"https:\/\/creativebox.pt\/storytelling\/#\/schema\/person\/cd05d0d075891c753cbafe9087f5614d"},"headline":"Cl\u00e1udia &#038; Diogo","datePublished":"2019-11-14T19:07:42+00:00","dateModified":"2020-11-24T08:22:36+00:00","mainEntityOfPage":{"@id":"https:\/\/creativebox.pt\/storytelling\/claudia-diogo\/"},"wordCount":122,"commentCount":0,"publisher":{"@id":"https:\/\/creativebox.pt\/storytelling\/#organization"},"image":{"@id":"https:\/\/creativebox.pt\/storytelling\/claudia-diogo\/#primaryimage"},"thumbnailUrl":"https:\/\/creativebox.pt\/storytelling\/wp-content\/uploads\/sites\/4\/2019\/11\/site.jpg","articleSection":["Films"],"inLanguage":"pt-PT","potentialAction":[{"@type":"CommentAction","name":"Comment","target":["https:\/\/creativebox.pt\/storytelling\/claudia-diogo\/#respond"]}]},{"@type":"WebPage","@id":"https:\/\/creativebox.pt\/storytelling\/claudia-diogo\/","url":"https:\/\/creativebox.pt\/storytelling\/claudia-diogo\/","name":"Cl\u00e1udia & Diogo - Storytelling Films - Wedding in Quinta de S\u00e3o Gon\u00e7alo","isPartOf":{"@id":"https:\/\/creativebox.pt\/storytelling\/#website"},"primaryImageOfPage":{"@id":"https:\/\/creativebox.pt\/storytelling\/claudia-diogo\/#primaryimage"},"image":{"@id":"https:\/\/creativebox.pt\/storytelling\/claudia-diogo\/#primaryimage"},"thumbnailUrl":"https:\/\/creativebox.pt\/storytelling\/wp-content\/uploads\/sites\/4\/2019\/11\/site.jpg","datePublished":"2019-11-14T19:07:42+00:00","dateModified":"2020-11-24T08:22:36+00:00","description":"A Cl\u00e1udia e o Diogo casaram na Quinta de S\u00e3o Gon\u00e7alo em Alenquer. Claudia and Diogo married at Quinta de S\u00e3o Gon\u00e7alo in Alenquer.","breadcrumb":{"@id":"https:\/\/creativebox.pt\/storytelling\/claudia-diogo\/#breadcrumb"},"inLanguage":"pt-PT","potentialAction":[{"@type":"ReadAction","target":["https:\/\/creativebox.pt\/storytelling\/claudia-diogo\/"]}]},{"@type":"ImageObject","inLanguage":"pt-PT","@id":"https:\/\/creativebox.pt\/storytelling\/claudia-diogo\/#primaryimage","url":"https:\/\/creativebox.pt\/storytelling\/wp-content\/uploads\/sites\/4\/2019\/11\/site.jpg","contentUrl":"https:\/\/creativebox.pt\/storytelling\/wp-content\/uploads\/sites\/4\/2019\/11\/site.jpg","width":1920,"height":1080},{"@type":"BreadcrumbList","@id":"https:\/\/creativebox.pt\/storytelling\/claudia-diogo\/#breadcrumb","itemListElement":[{"@type":"ListItem","position":1,"name":"In\u00edcio","item":"https:\/\/creativebox.pt\/storytelling\/"},{"@type":"ListItem","position":2,"name":"Cl\u00e1udia &#038; Diogo"}]},{"@type":"WebSite","@id":"https:\/\/creativebox.pt\/storytelling\/#website","url":"https:\/\/creativebox.pt\/storytelling\/","name":"Storytelling Films","description":"Wedding Filmmakers","publisher":{"@id":"https:\/\/creativebox.pt\/storytelling\/#organization"},"potentialAction":[{"@type":"SearchAction","target":{"@type":"EntryPoint","urlTemplate":"https:\/\/creativebox.pt\/storytelling\/?s={search_term_string}"},"query-input":{"@type":"PropertyValueSpecification","valueRequired":true,"valueName":"search_term_string"}}],"inLanguage":"pt-PT"},{"@type":"Organization","@id":"https:\/\/creativebox.pt\/storytelling\/#organization","name":"Storytelling - Wedding Video","url":"https:\/\/creativebox.pt\/storytelling\/","logo":{"@type":"ImageObject","inLanguage":"pt-PT","@id":"https:\/\/creativebox.pt\/storytelling\/#\/schema\/logo\/image\/","url":"https:\/\/creativebox.pt\/storytelling\/wp-content\/uploads\/sites\/4\/2018\/04\/novo_logo_cinza-05.png","contentUrl":"https:\/\/creativebox.pt\/storytelling\/wp-content\/uploads\/sites\/4\/2018\/04\/novo_logo_cinza-05.png","width":1889,"height":869,"caption":"Storytelling - Wedding Video"},"image":{"@id":"https:\/\/creativebox.pt\/storytelling\/#\/schema\/logo\/image\/"},"sameAs":["https:\/\/www.facebook.com\/creativeboxstorytelling","https:\/\/www.instagram.com\/storytelling_weddingfilms","https:\/\/www.youtube.com\/channel\/UC3EtYZ_a0X-f5G-k80v37Cw"]},{"@type":"Person","@id":"https:\/\/creativebox.pt\/storytelling\/#\/schema\/person\/cd05d0d075891c753cbafe9087f5614d","name":"adcreative","image":{"@type":"ImageObject","inLanguage":"pt-PT","@id":"https:\/\/creativebox.pt\/storytelling\/#\/schema\/person\/image\/","url":"https:\/\/secure.gravatar.com\/avatar\/2383d4cc6399aa21383f033e1e1a50e3756109416625bcca8413877af3895b2c?s=96&d=mm&r=g","contentUrl":"https:\/\/secure.gravatar.com\/avatar\/2383d4cc6399aa21383f033e1e1a50e3756109416625bcca8413877af3895b2c?s=96&d=mm&r=g","caption":"adcreative"}}]}},"builder_content":"<a href=\"https:\/\/vimeo.com\/280574027\">https:\/\/vimeo.com\/280574027<\/a>\n<p style=\"text-align: justify;\">Sabe t\u00e3o bem partilhar estes dias com os nossos noivos. A Cl\u00e1udia e o Diogo casaram na Quinta de S\u00e3o Gon\u00e7alo em Alenquer. Ela esteve sempre animada, ele mais emotivo. Um amor que veio desde os tempos da faculdade.<\/p> <p style=\"text-align: justify;\"><em>It feels so good to share these days with our newlyweds. Claudia and Diogo married at Quinta de S\u00e3o Gon\u00e7alo in Alenquer. She was always excited, while he where more emotional. A love that came from college days.<\/em><\/p> <p style=\"text-align: justify;\">Photo:\u00a0<a href=\"https:\/\/www.instagram.com\/anamestre.photographia\/\">Ana Mestre Photography<\/a><br \/> Venue:\u00a0<a href=\"https:\/\/www.instagram.com\/quinta_sao_goncalo\/\">Quinta de S\u00e3o Gon\u00e7alo<\/a>, Alenquer, Portugal<\/p>\n<p><strong>[vifblike]<\/strong><\/p>\n<p>TAGS:\u00a0<em>filme de casamento. v\u00eddeo de casamento,\u00a0weddind film, wedding videoghrapher, destination wedding, Portugal destination wedding, wedding video, drone wedding video<\/em><\/p>","_links":{"self":[{"href":"https:\/\/creativebox.pt\/storytelling\/wp-json\/wp\/v2\/posts\/8034","targetHints":{"allow":["GET"]}}],"collection":[{"href":"https:\/\/creativebox.pt\/storytelling\/wp-json\/wp\/v2\/posts"}],"about":[{"href":"https:\/\/creativebox.pt\/storytelling\/wp-json\/wp\/v2\/types\/post"}],"author":[{"embeddable":true,"href":"https:\/\/creativebox.pt\/storytelling\/wp-json\/wp\/v2\/users\/1"}],"replies":[{"embeddable":true,"href":"https:\/\/creativebox.pt\/storytelling\/wp-json\/wp\/v2\/comments?post=8034"}],"version-history":[{"count":21,"href":"https:\/\/creativebox.pt\/storytelling\/wp-json\/wp\/v2\/posts\/8034\/revisions"}],"predecessor-version":[{"id":8074,"href":"https:\/\/creativebox.pt\/storytelling\/wp-json\/wp\/v2\/posts\/8034\/revisions\/8074"}],"wp:featuredmedia":[{"embeddable":true,"href":"https:\/\/creativebox.pt\/storytelling\/wp-json\/wp\/v2\/media\/8059"}],"wp:attachment":[{"href":"https:\/\/creativebox.pt\/storytelling\/wp-json\/wp\/v2\/media?parent=8034"}],"wp:term":[{"taxonomy":"category","embeddable":true,"href":"https:\/\/creativebox.pt\/storytelling\/wp-json\/wp\/v2\/categories?post=8034"},{"taxonomy":"post_tag","embeddable":true,"href":"https:\/\/creativebox.pt\/storytelling\/wp-json\/wp\/v2\/tags?post=8034"}],"curies":[{"name":"wp","href":"https:\/\/api.w.org\/{rel}","templated":true}]}}