{"id":7864,"date":"2019-08-08T14:18:38","date_gmt":"2019-08-08T14:18:38","guid":{"rendered":"http:\/\/creativebox.pt\/storytelling\/?p=7864"},"modified":"2020-11-24T01:18:31","modified_gmt":"2020-11-24T01:18:31","slug":"dina-martinho","status":"publish","type":"post","link":"https:\/\/creativebox.pt\/storytelling\/dina-martinho\/","title":{"rendered":"Dina &#038; Martinho"},"content":{"rendered":"<div id=\"themify_builder_content-7864\" data-postid=\"7864\" class=\"themify_builder_content themify_builder_content-7864 themify_builder\">\n    \t<!-- module_row -->\n\t<div   class=\"themify_builder_row module_row clearfix module_row_0 themify_builder_7864_row module_row_7864-0 tb_i3w1101\">\n\t    \t    <div class=\"row_inner col_align_top\" >\n\t\t\t<div  class=\"module_column tb-column col3-1  first tb_7864_column module_column_0 module_column_7864-0-0 tb_aamc081\" style=\"width: 18.688%\">\n\t    \t    \t<\/div>\n\t\t<div  class=\"module_column tb-column col3-1 middle tb_7864_column module_column_1 module_column_7864-0-1 tb_j6v2680\" style=\"width: 61.1207%\">\n\t    \t    \t        <div class=\"tb-column-inner\">\n\t\t    \n    <!-- module video -->\n    <div  class=\"module module-video tb_j7oj300 video-top   \">\n\t                <div class=\"video-wrap\">\n\t    <iframe loading=\"lazy\" title=\"Ana &amp; Cl\u00e1udia\" src=\"https:\/\/player.vimeo.com\/video\/295812951?dnt=1&amp;app_id=122963\" width=\"1165\" height=\"655\"  allow=\"autoplay; fullscreen; picture-in-picture; clipboard-write; encrypted-media; web-share\" referrerpolicy=\"strict-origin-when-cross-origin\"><\/iframe>        <\/div>\n        <!-- \/video-wrap -->\n\n            <\/div>\n    <!-- \/module video -->\n    <!-- module text -->\n<div  class=\"module module-text tb_1ex7770    \">\n            <div  class=\"tb_text_wrap\">\n    <p style=\"text-align: justify;\">\u00c9vora \u2013 Convento do Espinheiro. Voltamos ao Alentejo, onde a Dina e o Martinho decidiram eternizar este momento. Tal como o pr\u00f3prio casamento, para familiares e amigos mais pr\u00f3ximos, o local escolhido retrata um pouco como foi o dia: elegante, acolhedor e intimista. Mas n\u00e3o nos deixemos enganar, porque quando chegou a noite a festa foi de arromba!<\/p>\n<p style=\"text-align: justify;\"><em>\u00c9vora \u2013 Convento do Espinheiro. Once more we have returned to Alentejo, where Dina and Martinho decided to eternal this moment. Like the wedding itself, for family and close friends, the choosen venue portrays a bit of the day: elegant, warm and intimate. But let\u2019s not be fooled, because when the night came the party was a tremendous!<\/em><\/p>\n<p style=\"text-align: justify;\">Concept planning &amp; design:\u00a0<a href=\"https:\/\/www.instagram.com\/the_wedding_wonderland\/\">@the_wedding_wonderland<\/a><br \/>\nPhoto:\u00a0<a href=\"https:\/\/www.instagram.com\/atmosphere.fotografia\/\">@atmosphere.fotografia<\/a><br \/>\nVenue:\u00a0<a href=\"https:\/\/www.instagram.com\/conventodoespinheiro\/\">@conventodoespinheiro<\/a><br \/>\nGown:\u00a0<a href=\"https:\/\/www.instagram.com\/madbridal\/\">@madbridal<\/a><br \/>\nFlorals:\u00a0<a href=\"https:\/\/www.instagram.com\/flordelaranjeira_designfloral\/\">@flordelaranjeira_designfloral<\/a><br \/>\nStationery:\u00a0<a href=\"https:\/\/www.instagram.com\/a_pajarita\/\">@a_pajarita<\/a><br \/>\nHairpiece:\u00a0<a href=\"https:\/\/www.instagram.com\/catavassalo\/\">@catavassalo<\/a><br \/>\nMakeup:\u00a0<a href=\"https:\/\/www.instagram.com\/martasousasilva\/\">@martasousasilva<\/a><br \/>\nHair:\u00a0<a href=\"https:\/\/www.instagram.com\/carla_kuchembuch_hair_stylist\/\">@carla_kuchembuch_hair_stylist<\/a><br \/>\nMusic:\u00a0<a href=\"https:\/\/www.instagram.com\/your_jukebox\/\">@your_jukebox<\/a><\/p>\n    <\/div>\n<\/div>\n<!-- \/module text -->\n<!-- module text -->\n<div  class=\"module module-text tb_89cn881    \">\n            <div  class=\"tb_text_wrap\">\n    <p><strong>\n<!-- Facebook Like Button Vivacity Infotech BEGIN -->\n<iframe src=\"http:\/\/www.facebook.com\/plugins\/like.php?href=https%3A%2F%2Fcreativebox.pt%2Fstorytelling%2Fdina-martinho%2F&amp;width=450&amp;layout=button&amp;action=like&amp;size=small&amp;show_faces=false&amp;share=true&amp;height=30&amp;appId=\" scrolling=\"no\" frameborder=\"0\" allowTransparency=\"true\" style=\"border:none; overflow:hidden; width:450px; height: 30px; align: left;\"><\/iframe>\n<!-- Facebook Like Button Vivacity Infotech END -->\n<\/strong><\/p>    <\/div>\n<\/div>\n<!-- \/module text -->\n<!-- module text -->\n<div  class=\"module module-text tb_sc2e043    \">\n            <div  class=\"tb_text_wrap\">\n    <p>TAGS:\u00a0<em>filme de casamento. v\u00eddeo de casamento,\u00a0weddind film, wedding videoghrapher, destination wedding, Portugal destination wedding, wedding video, drone wedding video<\/em><\/p>    <\/div>\n<\/div>\n<!-- \/module text -->\n\t        <\/div>\n\t    \t<\/div>\n\t\t<div  class=\"module_column tb-column col3-1  last tb_7864_column module_column_2 module_column_7864-0-2 tb_ebx4555\" style=\"width: 13.7931%\">\n\t    \t    \t<\/div>\n\t\t    <\/div>\n\t    <!-- \/row_inner -->\n\t<\/div>\n\t<!-- \/module_row -->\n\t<\/div>\n\n\n\n<!-- Facebook Like Button Vivacity Infotech BEGIN -->\n<div class=\"fb-like\" data-href=\"https:\/\/creativebox.pt\/storytelling\/dina-martinho\/\" data-layout=\"button\" data-action=\"like\" data-show-faces=\"false\" data-size=\"small\" data-width=\"450\" data-share=\"1\" ><\/div>\n<!-- Facebook Like Button Vivacity Infotech END -->\n","protected":false},"excerpt":{"rendered":"<p>\u00c9vora \u2013 Convento do Espinheiro. Voltamos ao Alentejo, onde a Dina e o Martinho decidiram eternizar este momento. Tal como o pr\u00f3prio casamento, para familiares e amigos mais pr\u00f3ximos, o local escolhido retrata um pouco como foi o dia: elegante, acolhedor e intimista. Mas n\u00e3o nos deixemos enganar, porque quando chegou a noite a festa [&hellip;]<\/p>\n","protected":false},"author":1,"featured_media":7865,"comment_status":"open","ping_status":"open","sticky":false,"template":"","format":"standard","meta":{"footnotes":""},"categories":[20],"tags":[],"class_list":["post-7864","post","type-post","status-publish","format-standard","has-post-thumbnail","hentry","category-highlights","has-post-title","has-post-date","has-post-category","has-post-tag","has-post-comment","has-post-author",""," cat-20"],"yoast_head":"<!-- This site is optimized with the Yoast SEO plugin v24.0 - https:\/\/yoast.com\/wordpress\/plugins\/seo\/ -->\n<title>Dina &amp; Martinho - Amazing Wedding in Alentejo - Storytelling Films<\/title>\n<meta name=\"description\" content=\"A Dina e o Martinho decidiram eternizar este momento no Alentejo. Dina and Martinho decided to eternal this moment in Alentejo.\" \/>\n<meta name=\"robots\" content=\"index, follow, max-snippet:-1, max-image-preview:large, max-video-preview:-1\" \/>\n<link rel=\"canonical\" href=\"https:\/\/creativebox.pt\/storytelling\/dina-martinho\/\" \/>\n<meta property=\"og:locale\" content=\"pt_PT\" \/>\n<meta property=\"og:type\" content=\"article\" \/>\n<meta property=\"og:title\" content=\"Dina &amp; Martinho - Amazing Wedding in Alentejo\" \/>\n<meta property=\"og:description\" content=\"A Dina e o Martinho decidiram eternizar este momento no Alentejo. Dina and Martinho decided to eternal this moment in Alentejo.\" \/>\n<meta property=\"og:url\" content=\"https:\/\/creativebox.pt\/storytelling\/dina-martinho\/\" \/>\n<meta property=\"og:site_name\" content=\"Storytelling Films\" \/>\n<meta property=\"article:publisher\" content=\"https:\/\/www.facebook.com\/creativeboxstorytelling\" \/>\n<meta property=\"article:published_time\" content=\"2019-08-08T14:18:38+00:00\" \/>\n<meta property=\"article:modified_time\" content=\"2020-11-24T01:18:31+00:00\" \/>\n<meta property=\"og:image\" content=\"https:\/\/creativebox.pt\/storytelling\/wp-content\/uploads\/sites\/4\/2019\/08\/thumb-1.jpg\" \/>\n\t<meta property=\"og:image:width\" content=\"1920\" \/>\n\t<meta property=\"og:image:height\" content=\"1080\" \/>\n\t<meta property=\"og:image:type\" content=\"image\/jpeg\" \/>\n<meta name=\"author\" content=\"adcreative\" \/>\n<meta name=\"twitter:card\" content=\"summary_large_image\" \/>\n<meta name=\"twitter:label1\" content=\"Escrito por\" \/>\n\t<meta name=\"twitter:data1\" content=\"adcreative\" \/>\n\t<meta name=\"twitter:label2\" content=\"Tempo estimado de leitura\" \/>\n\t<meta name=\"twitter:data2\" content=\"1 minuto\" \/>\n<script type=\"application\/ld+json\" class=\"yoast-schema-graph\">{\"@context\":\"https:\/\/schema.org\",\"@graph\":[{\"@type\":\"Article\",\"@id\":\"https:\/\/creativebox.pt\/storytelling\/dina-martinho\/#article\",\"isPartOf\":{\"@id\":\"https:\/\/creativebox.pt\/storytelling\/dina-martinho\/\"},\"author\":{\"name\":\"adcreative\",\"@id\":\"https:\/\/creativebox.pt\/storytelling\/#\/schema\/person\/cd05d0d075891c753cbafe9087f5614d\"},\"headline\":\"Dina &#038; Martinho\",\"datePublished\":\"2019-08-08T14:18:38+00:00\",\"dateModified\":\"2020-11-24T01:18:31+00:00\",\"mainEntityOfPage\":{\"@id\":\"https:\/\/creativebox.pt\/storytelling\/dina-martinho\/\"},\"wordCount\":175,\"commentCount\":0,\"publisher\":{\"@id\":\"https:\/\/creativebox.pt\/storytelling\/#organization\"},\"image\":{\"@id\":\"https:\/\/creativebox.pt\/storytelling\/dina-martinho\/#primaryimage\"},\"thumbnailUrl\":\"https:\/\/creativebox.pt\/storytelling\/wp-content\/uploads\/sites\/4\/2019\/08\/thumb-1.jpg\",\"articleSection\":[\"Films\"],\"inLanguage\":\"pt-PT\",\"potentialAction\":[{\"@type\":\"CommentAction\",\"name\":\"Comment\",\"target\":[\"https:\/\/creativebox.pt\/storytelling\/dina-martinho\/#respond\"]}]},{\"@type\":\"WebPage\",\"@id\":\"https:\/\/creativebox.pt\/storytelling\/dina-martinho\/\",\"url\":\"https:\/\/creativebox.pt\/storytelling\/dina-martinho\/\",\"name\":\"Dina & Martinho - Amazing Wedding in Alentejo - Storytelling Films\",\"isPartOf\":{\"@id\":\"https:\/\/creativebox.pt\/storytelling\/#website\"},\"primaryImageOfPage\":{\"@id\":\"https:\/\/creativebox.pt\/storytelling\/dina-martinho\/#primaryimage\"},\"image\":{\"@id\":\"https:\/\/creativebox.pt\/storytelling\/dina-martinho\/#primaryimage\"},\"thumbnailUrl\":\"https:\/\/creativebox.pt\/storytelling\/wp-content\/uploads\/sites\/4\/2019\/08\/thumb-1.jpg\",\"datePublished\":\"2019-08-08T14:18:38+00:00\",\"dateModified\":\"2020-11-24T01:18:31+00:00\",\"description\":\"A Dina e o Martinho decidiram eternizar este momento no Alentejo. Dina and Martinho decided to eternal this moment in Alentejo.\",\"breadcrumb\":{\"@id\":\"https:\/\/creativebox.pt\/storytelling\/dina-martinho\/#breadcrumb\"},\"inLanguage\":\"pt-PT\",\"potentialAction\":[{\"@type\":\"ReadAction\",\"target\":[\"https:\/\/creativebox.pt\/storytelling\/dina-martinho\/\"]}]},{\"@type\":\"ImageObject\",\"inLanguage\":\"pt-PT\",\"@id\":\"https:\/\/creativebox.pt\/storytelling\/dina-martinho\/#primaryimage\",\"url\":\"https:\/\/creativebox.pt\/storytelling\/wp-content\/uploads\/sites\/4\/2019\/08\/thumb-1.jpg\",\"contentUrl\":\"https:\/\/creativebox.pt\/storytelling\/wp-content\/uploads\/sites\/4\/2019\/08\/thumb-1.jpg\",\"width\":1920,\"height\":1080},{\"@type\":\"BreadcrumbList\",\"@id\":\"https:\/\/creativebox.pt\/storytelling\/dina-martinho\/#breadcrumb\",\"itemListElement\":[{\"@type\":\"ListItem\",\"position\":1,\"name\":\"In\u00edcio\",\"item\":\"https:\/\/creativebox.pt\/storytelling\/\"},{\"@type\":\"ListItem\",\"position\":2,\"name\":\"Dina &#038; Martinho\"}]},{\"@type\":\"WebSite\",\"@id\":\"https:\/\/creativebox.pt\/storytelling\/#website\",\"url\":\"https:\/\/creativebox.pt\/storytelling\/\",\"name\":\"Storytelling Films\",\"description\":\"Wedding Filmmakers\",\"publisher\":{\"@id\":\"https:\/\/creativebox.pt\/storytelling\/#organization\"},\"potentialAction\":[{\"@type\":\"SearchAction\",\"target\":{\"@type\":\"EntryPoint\",\"urlTemplate\":\"https:\/\/creativebox.pt\/storytelling\/?s={search_term_string}\"},\"query-input\":{\"@type\":\"PropertyValueSpecification\",\"valueRequired\":true,\"valueName\":\"search_term_string\"}}],\"inLanguage\":\"pt-PT\"},{\"@type\":\"Organization\",\"@id\":\"https:\/\/creativebox.pt\/storytelling\/#organization\",\"name\":\"Storytelling - Wedding Video\",\"url\":\"https:\/\/creativebox.pt\/storytelling\/\",\"logo\":{\"@type\":\"ImageObject\",\"inLanguage\":\"pt-PT\",\"@id\":\"https:\/\/creativebox.pt\/storytelling\/#\/schema\/logo\/image\/\",\"url\":\"https:\/\/creativebox.pt\/storytelling\/wp-content\/uploads\/sites\/4\/2018\/04\/novo_logo_cinza-05.png\",\"contentUrl\":\"https:\/\/creativebox.pt\/storytelling\/wp-content\/uploads\/sites\/4\/2018\/04\/novo_logo_cinza-05.png\",\"width\":1889,\"height\":869,\"caption\":\"Storytelling - Wedding Video\"},\"image\":{\"@id\":\"https:\/\/creativebox.pt\/storytelling\/#\/schema\/logo\/image\/\"},\"sameAs\":[\"https:\/\/www.facebook.com\/creativeboxstorytelling\",\"https:\/\/www.instagram.com\/storytelling_weddingfilms\",\"https:\/\/www.youtube.com\/channel\/UC3EtYZ_a0X-f5G-k80v37Cw\"]},{\"@type\":\"Person\",\"@id\":\"https:\/\/creativebox.pt\/storytelling\/#\/schema\/person\/cd05d0d075891c753cbafe9087f5614d\",\"name\":\"adcreative\",\"image\":{\"@type\":\"ImageObject\",\"inLanguage\":\"pt-PT\",\"@id\":\"https:\/\/creativebox.pt\/storytelling\/#\/schema\/person\/image\/\",\"url\":\"https:\/\/secure.gravatar.com\/avatar\/2383d4cc6399aa21383f033e1e1a50e3756109416625bcca8413877af3895b2c?s=96&d=mm&r=g\",\"contentUrl\":\"https:\/\/secure.gravatar.com\/avatar\/2383d4cc6399aa21383f033e1e1a50e3756109416625bcca8413877af3895b2c?s=96&d=mm&r=g\",\"caption\":\"adcreative\"}}]}<\/script>\n<!-- \/ Yoast SEO plugin. -->","yoast_head_json":{"title":"Dina & Martinho - Amazing Wedding in Alentejo - Storytelling Films","description":"A Dina e o Martinho decidiram eternizar este momento no Alentejo. Dina and Martinho decided to eternal this moment in Alentejo.","robots":{"index":"index","follow":"follow","max-snippet":"max-snippet:-1","max-image-preview":"max-image-preview:large","max-video-preview":"max-video-preview:-1"},"canonical":"https:\/\/creativebox.pt\/storytelling\/dina-martinho\/","og_locale":"pt_PT","og_type":"article","og_title":"Dina & Martinho - Amazing Wedding in Alentejo","og_description":"A Dina e o Martinho decidiram eternizar este momento no Alentejo. Dina and Martinho decided to eternal this moment in Alentejo.","og_url":"https:\/\/creativebox.pt\/storytelling\/dina-martinho\/","og_site_name":"Storytelling Films","article_publisher":"https:\/\/www.facebook.com\/creativeboxstorytelling","article_published_time":"2019-08-08T14:18:38+00:00","article_modified_time":"2020-11-24T01:18:31+00:00","og_image":[{"width":1920,"height":1080,"url":"https:\/\/creativebox.pt\/storytelling\/wp-content\/uploads\/sites\/4\/2019\/08\/thumb-1.jpg","type":"image\/jpeg"}],"author":"adcreative","twitter_card":"summary_large_image","twitter_misc":{"Escrito por":"adcreative","Tempo estimado de leitura":"1 minuto"},"schema":{"@context":"https:\/\/schema.org","@graph":[{"@type":"Article","@id":"https:\/\/creativebox.pt\/storytelling\/dina-martinho\/#article","isPartOf":{"@id":"https:\/\/creativebox.pt\/storytelling\/dina-martinho\/"},"author":{"name":"adcreative","@id":"https:\/\/creativebox.pt\/storytelling\/#\/schema\/person\/cd05d0d075891c753cbafe9087f5614d"},"headline":"Dina &#038; Martinho","datePublished":"2019-08-08T14:18:38+00:00","dateModified":"2020-11-24T01:18:31+00:00","mainEntityOfPage":{"@id":"https:\/\/creativebox.pt\/storytelling\/dina-martinho\/"},"wordCount":175,"commentCount":0,"publisher":{"@id":"https:\/\/creativebox.pt\/storytelling\/#organization"},"image":{"@id":"https:\/\/creativebox.pt\/storytelling\/dina-martinho\/#primaryimage"},"thumbnailUrl":"https:\/\/creativebox.pt\/storytelling\/wp-content\/uploads\/sites\/4\/2019\/08\/thumb-1.jpg","articleSection":["Films"],"inLanguage":"pt-PT","potentialAction":[{"@type":"CommentAction","name":"Comment","target":["https:\/\/creativebox.pt\/storytelling\/dina-martinho\/#respond"]}]},{"@type":"WebPage","@id":"https:\/\/creativebox.pt\/storytelling\/dina-martinho\/","url":"https:\/\/creativebox.pt\/storytelling\/dina-martinho\/","name":"Dina & Martinho - Amazing Wedding in Alentejo - Storytelling Films","isPartOf":{"@id":"https:\/\/creativebox.pt\/storytelling\/#website"},"primaryImageOfPage":{"@id":"https:\/\/creativebox.pt\/storytelling\/dina-martinho\/#primaryimage"},"image":{"@id":"https:\/\/creativebox.pt\/storytelling\/dina-martinho\/#primaryimage"},"thumbnailUrl":"https:\/\/creativebox.pt\/storytelling\/wp-content\/uploads\/sites\/4\/2019\/08\/thumb-1.jpg","datePublished":"2019-08-08T14:18:38+00:00","dateModified":"2020-11-24T01:18:31+00:00","description":"A Dina e o Martinho decidiram eternizar este momento no Alentejo. Dina and Martinho decided to eternal this moment in Alentejo.","breadcrumb":{"@id":"https:\/\/creativebox.pt\/storytelling\/dina-martinho\/#breadcrumb"},"inLanguage":"pt-PT","potentialAction":[{"@type":"ReadAction","target":["https:\/\/creativebox.pt\/storytelling\/dina-martinho\/"]}]},{"@type":"ImageObject","inLanguage":"pt-PT","@id":"https:\/\/creativebox.pt\/storytelling\/dina-martinho\/#primaryimage","url":"https:\/\/creativebox.pt\/storytelling\/wp-content\/uploads\/sites\/4\/2019\/08\/thumb-1.jpg","contentUrl":"https:\/\/creativebox.pt\/storytelling\/wp-content\/uploads\/sites\/4\/2019\/08\/thumb-1.jpg","width":1920,"height":1080},{"@type":"BreadcrumbList","@id":"https:\/\/creativebox.pt\/storytelling\/dina-martinho\/#breadcrumb","itemListElement":[{"@type":"ListItem","position":1,"name":"In\u00edcio","item":"https:\/\/creativebox.pt\/storytelling\/"},{"@type":"ListItem","position":2,"name":"Dina &#038; Martinho"}]},{"@type":"WebSite","@id":"https:\/\/creativebox.pt\/storytelling\/#website","url":"https:\/\/creativebox.pt\/storytelling\/","name":"Storytelling Films","description":"Wedding Filmmakers","publisher":{"@id":"https:\/\/creativebox.pt\/storytelling\/#organization"},"potentialAction":[{"@type":"SearchAction","target":{"@type":"EntryPoint","urlTemplate":"https:\/\/creativebox.pt\/storytelling\/?s={search_term_string}"},"query-input":{"@type":"PropertyValueSpecification","valueRequired":true,"valueName":"search_term_string"}}],"inLanguage":"pt-PT"},{"@type":"Organization","@id":"https:\/\/creativebox.pt\/storytelling\/#organization","name":"Storytelling - Wedding Video","url":"https:\/\/creativebox.pt\/storytelling\/","logo":{"@type":"ImageObject","inLanguage":"pt-PT","@id":"https:\/\/creativebox.pt\/storytelling\/#\/schema\/logo\/image\/","url":"https:\/\/creativebox.pt\/storytelling\/wp-content\/uploads\/sites\/4\/2018\/04\/novo_logo_cinza-05.png","contentUrl":"https:\/\/creativebox.pt\/storytelling\/wp-content\/uploads\/sites\/4\/2018\/04\/novo_logo_cinza-05.png","width":1889,"height":869,"caption":"Storytelling - Wedding Video"},"image":{"@id":"https:\/\/creativebox.pt\/storytelling\/#\/schema\/logo\/image\/"},"sameAs":["https:\/\/www.facebook.com\/creativeboxstorytelling","https:\/\/www.instagram.com\/storytelling_weddingfilms","https:\/\/www.youtube.com\/channel\/UC3EtYZ_a0X-f5G-k80v37Cw"]},{"@type":"Person","@id":"https:\/\/creativebox.pt\/storytelling\/#\/schema\/person\/cd05d0d075891c753cbafe9087f5614d","name":"adcreative","image":{"@type":"ImageObject","inLanguage":"pt-PT","@id":"https:\/\/creativebox.pt\/storytelling\/#\/schema\/person\/image\/","url":"https:\/\/secure.gravatar.com\/avatar\/2383d4cc6399aa21383f033e1e1a50e3756109416625bcca8413877af3895b2c?s=96&d=mm&r=g","contentUrl":"https:\/\/secure.gravatar.com\/avatar\/2383d4cc6399aa21383f033e1e1a50e3756109416625bcca8413877af3895b2c?s=96&d=mm&r=g","caption":"adcreative"}}]}},"builder_content":"<iframe title=\"Ana &amp; Cl\u00e1udia\" src=\"https:\/\/player.vimeo.com\/video\/295812951?dnt=1&amp;app_id=122963\" width=\"1165\" height=\"655\" allow=\"autoplay; fullscreen; picture-in-picture; clipboard-write; encrypted-media; web-share\" referrerpolicy=\"strict-origin-when-cross-origin\"><\/iframe>\n<p style=\"text-align: justify;\">\u00c9vora \u2013 Convento do Espinheiro. Voltamos ao Alentejo, onde a Dina e o Martinho decidiram eternizar este momento. Tal como o pr\u00f3prio casamento, para familiares e amigos mais pr\u00f3ximos, o local escolhido retrata um pouco como foi o dia: elegante, acolhedor e intimista. Mas n\u00e3o nos deixemos enganar, porque quando chegou a noite a festa foi de arromba!<\/p> <p style=\"text-align: justify;\"><em>\u00c9vora \u2013 Convento do Espinheiro. Once more we have returned to Alentejo, where Dina and Martinho decided to eternal this moment. Like the wedding itself, for family and close friends, the choosen venue portrays a bit of the day: elegant, warm and intimate. But let\u2019s not be fooled, because when the night came the party was a tremendous!<\/em><\/p> <p style=\"text-align: justify;\">Concept planning &amp; design:\u00a0<a href=\"https:\/\/www.instagram.com\/the_wedding_wonderland\/\">@the_wedding_wonderland<\/a><br \/> Photo:\u00a0<a href=\"https:\/\/www.instagram.com\/atmosphere.fotografia\/\">@atmosphere.fotografia<\/a><br \/> Venue:\u00a0<a href=\"https:\/\/www.instagram.com\/conventodoespinheiro\/\">@conventodoespinheiro<\/a><br \/> Gown:\u00a0<a href=\"https:\/\/www.instagram.com\/madbridal\/\">@madbridal<\/a><br \/> Florals:\u00a0<a href=\"https:\/\/www.instagram.com\/flordelaranjeira_designfloral\/\">@flordelaranjeira_designfloral<\/a><br \/> Stationery:\u00a0<a href=\"https:\/\/www.instagram.com\/a_pajarita\/\">@a_pajarita<\/a><br \/> Hairpiece:\u00a0<a href=\"https:\/\/www.instagram.com\/catavassalo\/\">@catavassalo<\/a><br \/> Makeup:\u00a0<a href=\"https:\/\/www.instagram.com\/martasousasilva\/\">@martasousasilva<\/a><br \/> Hair:\u00a0<a href=\"https:\/\/www.instagram.com\/carla_kuchembuch_hair_stylist\/\">@carla_kuchembuch_hair_stylist<\/a><br \/> Music:\u00a0<a href=\"https:\/\/www.instagram.com\/your_jukebox\/\">@your_jukebox<\/a><\/p>\n<p><strong>[vifblike]<\/strong><\/p>\n<p>TAGS:\u00a0<em>filme de casamento. v\u00eddeo de casamento,\u00a0weddind film, wedding videoghrapher, destination wedding, Portugal destination wedding, wedding video, drone wedding video<\/em><\/p>","_links":{"self":[{"href":"https:\/\/creativebox.pt\/storytelling\/wp-json\/wp\/v2\/posts\/7864","targetHints":{"allow":["GET"]}}],"collection":[{"href":"https:\/\/creativebox.pt\/storytelling\/wp-json\/wp\/v2\/posts"}],"about":[{"href":"https:\/\/creativebox.pt\/storytelling\/wp-json\/wp\/v2\/types\/post"}],"author":[{"embeddable":true,"href":"https:\/\/creativebox.pt\/storytelling\/wp-json\/wp\/v2\/users\/1"}],"replies":[{"embeddable":true,"href":"https:\/\/creativebox.pt\/storytelling\/wp-json\/wp\/v2\/comments?post=7864"}],"version-history":[{"count":12,"href":"https:\/\/creativebox.pt\/storytelling\/wp-json\/wp\/v2\/posts\/7864\/revisions"}],"predecessor-version":[{"id":8082,"href":"https:\/\/creativebox.pt\/storytelling\/wp-json\/wp\/v2\/posts\/7864\/revisions\/8082"}],"wp:featuredmedia":[{"embeddable":true,"href":"https:\/\/creativebox.pt\/storytelling\/wp-json\/wp\/v2\/media\/7865"}],"wp:attachment":[{"href":"https:\/\/creativebox.pt\/storytelling\/wp-json\/wp\/v2\/media?parent=7864"}],"wp:term":[{"taxonomy":"category","embeddable":true,"href":"https:\/\/creativebox.pt\/storytelling\/wp-json\/wp\/v2\/categories?post=7864"},{"taxonomy":"post_tag","embeddable":true,"href":"https:\/\/creativebox.pt\/storytelling\/wp-json\/wp\/v2\/tags?post=7864"}],"curies":[{"name":"wp","href":"https:\/\/api.w.org\/{rel}","templated":true}]}}